{"id":4270,"date":"2024-02-01T16:01:08","date_gmt":"2024-02-01T16:01:08","guid":{"rendered":"https:\/\/washnet.es\/comunicat-important-sha-decretat-la-situacio-demergencia-per-sequera-a-catalunya\/"},"modified":"2025-03-07T13:04:45","modified_gmt":"2025-03-07T13:04:45","slug":"comunicat-important-sha-decretat-la-situacio-demergencia-per-sequera-a-catalunya","status":"publish","type":"post","link":"https:\/\/washnet.es\/ca\/comunicat-important-sha-decretat-la-situacio-demergencia-per-sequera-a-catalunya\/","title":{"rendered":"Comunicat important: S&#8217;ha decretat la situaci\u00f3 d&#8217;emerg\u00e8ncia per sequera a Catalunya"},"content":{"rendered":"\t\t<div data-elementor-type=\"wp-post\" data-elementor-id=\"4270\" class=\"elementor elementor-4270 elementor-631\" data-elementor-post-type=\"post\">\n\t\t\t\t<div class=\"elementor-element elementor-element-197393e8 e-flex e-con-boxed e-con e-parent\" data-id=\"197393e8\" data-element_type=\"container\" data-e-type=\"container\">\n\t\t\t\t\t<div class=\"e-con-inner\">\n\t\t\t\t<div class=\"elementor-element elementor-element-49e847ff elementor-widget elementor-widget-text-editor\" data-id=\"49e847ff\" data-element_type=\"widget\" data-e-type=\"widget\" data-widget_type=\"text-editor.default\">\n\t\t\t\t<div class=\"elementor-widget-container\">\n\t\t\t\t\t\t\t\t\t\n<p>Alella, a 1 de febrer de 2024<\/p>\n\n<p>Aquest mat\u00ed el Govern de Catalunya ha <a href=\"https:\/\/govern.cat\/salapremsa\/notes-premsa\/577042\/president-aragones-superarem-sequera-gracies-collaboracio-lesforc-compartit-planificacio-inversions-ben-dirigides\">decretat la situaci\u00f3 d&#8217;emerg\u00e8ncia per sequera<\/a> davant els nivells d&#8217;aigua de zones com el sistema Ter-Llobregat que afecta uns 6 milions de persones. Davant d&#8217;aquesta situaci\u00f3 volem transmetre&#8217;ls com impacten aquestes mesures en el desenvolupament de la nostra activitat. <\/p>\n\n<p>D&#8217; acord amb les autoritats locals, s&#8217; ha establert una mesura urgent que <strong>limita l&#8217; \u00fas d&#8217; aigua<\/strong> 200 litres per persona i dia. Aquesta decisi\u00f3 s&#8217;ha pres a causa de la preocupant situaci\u00f3 del subministrament d&#8217;aigua a la regi\u00f3, <strong>amb prou feines un 16% de reserves disponibles. <\/strong>  <\/p>\n\n<p>A Washnet Factory i <a href=\"http:\/\/www.elefanteazul.com\/\">Elefant Blau<\/a>, empreses pertanyents a Grup Moure, seguim compromesos amb la preservaci\u00f3 responsable dels nostres recursos h\u00eddrics:<\/p>\n\n<ul class=\"wp-block-list\">\n<li>En els centres <strong>Elefant Blau<\/strong> es contribueix significativament a la conservaci\u00f3 de l&#8217; aigua. Segons com s&#8217;ha publicat, amb un rentat dom\u00e8stic es pot arribar a consumir fins a 400 litres d&#8217;aigua per rentat. No obstant aix\u00f2, en els centres de rentat Elefant Blau els consums es redueixen dr\u00e0sticament segons el sistema de rentat escollit: en el rentat a pressi\u00f3 la mitjana de <strong>consum baixa fins als 60 litres<\/strong> d&#8217;aigua, en el rentat autom\u00e0tic en t\u00fanel fins als <strong>120 litres<\/strong> i en el rentat en p\u00f2rtic als<strong> 160 litres<\/strong> d&#8217;aigua.  <\/li>\n\n<li>A<strong> Washnet Factory<\/strong>, empresa dedicada al disseny, fabricaci\u00f3 i instal\u00b7laci\u00f3 de centres de rentat per a Elefant Blau, aix\u00ed com per a altres clients del sector <em>carwash<\/em>, s&#8217;empren tecnologies avan\u00e7ades i sistemes de recirculaci\u00f3 d&#8217;aigua als seus centres de rentat.<\/li>\n\n<li>Al seu torn, <strong>Washnet Factory<\/strong> tamb\u00e9 desenvolupa i ofereix sistemes especials per a la recirculaci\u00f3 de l&#8217;aigua en centres de rentat per a vehicles.<\/li>\n\n<li>El sistema de monitoratge i control constant dels nostres centres de rentat permet avaluar i millorar les nostres pr\u00e0ctiques en relaci\u00f3 al consum d&#8217; aigua.<\/li>\n<\/ul>\n\n<p>Aquesta mesura anunciada es podria arribar a estendre a altres zones de Catalunya, aix\u00ed com altres Comunitats Aut\u00f2nomes, atesa la situaci\u00f3 actual d&#8217; escassetat d&#8217; aigua. Des d&#8217;Elefant Blau i Washnet Factory volem fomentar un \u00fas responsable de l&#8217;aigua. <\/p>\n\n<p>Per a qualsevol pregunta o inquietud, no dubtin a posar-se en contacte amb el nostre equip d&#8217;atenci\u00f3 al client.<\/p>\n\n<p>Apreciem la seva confian\u00e7a dipositada en nosaltres.<\/p>\n\n<p>Atentament,<\/p>\n\n<p><strong>Elefant Blau i <\/strong><strong>Washnet Factory<\/strong><\/p>\n\n<figure class=\"wp-block-image size-full\"><\/figure>\n\t\t\t\t\t\t\t\t<\/div>\n\t\t\t\t<\/div>\n\t\t\t\t\t<\/div>\n\t\t\t\t<\/div>\n\t\t<div class=\"elementor-element elementor-element-c7d6480 e-flex e-con-boxed e-con e-parent\" data-id=\"c7d6480\" data-element_type=\"container\" data-e-type=\"container\">\n\t\t\t\t\t<div class=\"e-con-inner\">\n\t\t\t\t<div class=\"elementor-element elementor-element-d9b73f4 elementor-widget elementor-widget-image\" data-id=\"d9b73f4\" data-element_type=\"widget\" data-e-type=\"widget\" data-widget_type=\"image.default\">\n\t\t\t\t<div class=\"elementor-widget-container\">\n\t\t\t\t\t\t\t\t\t\t\t\t\t\t\t\t<a href=\"https:\/\/washnet.es\/wp-content\/uploads\/2024\/02\/Comunicado-sequia_page-0001-scaled.jpg\" data-elementor-open-lightbox=\"yes\" data-elementor-lightbox-title=\"Comunicado-sequia_page-0001\" data-e-action-hash=\"#elementor-action%3Aaction%3Dlightbox%26settings%3DeyJpZCI6NDI3MiwidXJsIjoiaHR0cHM6XC9cL3dhc2huZXQuZXNcL3dwLWNvbnRlbnRcL3VwbG9hZHNcLzIwMjRcLzAyXC9Db211bmljYWRvLXNlcXVpYV9wYWdlLTAwMDEtc2NhbGVkLmpwZyJ9\">\n\t\t\t\t\t\t\t<img decoding=\"async\" src=\"https:\/\/washnet.es\/wp-content\/uploads\/elementor\/thumbs\/Comunicado-sequia_page-0001-scaled-r1q6mr2lwq1vglduq1vsa3jpt5l5agktu2m4tqktvw.jpg\" title=\"Comunicado-sequia_page-0001\" alt=\"Comunicado-sequia_page-0001\" loading=\"lazy\" \/>\t\t\t\t\t\t\t\t<\/a>\n\t\t\t\t\t\t\t\t\t\t\t\t\t\t\t<\/div>\n\t\t\t\t<\/div>\n\t\t\t\t\t<\/div>\n\t\t\t\t<\/div>\n\t\t\t\t<\/div>\n\t\t","protected":false},"excerpt":{"rendered":"<p>Alella, a 1 de febrer de 2024 Aquest mat\u00ed el Govern de Catalunya ha decretat la situaci\u00f3 d&#8217;emerg\u00e8ncia per sequera davant els nivells d&#8217;aigua de zones com el sistema Ter-Llobregat que afecta uns 6 milions de persones. Davant d&#8217;aquesta situaci\u00f3 volem transmetre&#8217;ls com impacten aquestes mesures en el desenvolupament de la nostra activitat. D&#8217; acord [&hellip;]<\/p>\n","protected":false},"author":1,"featured_media":4271,"comment_status":"open","ping_status":"closed","sticky":false,"template":"","format":"standard","meta":{"footnotes":""},"categories":[65],"tags":[66],"class_list":["post-4270","post","type-post","status-publish","format-standard","has-post-thumbnail","hentry","category-comunicats","tag-blog-ca"],"yoast_head":"<!-- This site is optimized with the Yoast SEO plugin v27.3 - https:\/\/yoast.com\/product\/yoast-seo-wordpress\/ -->\n<title>Comunicat important: S&#039;ha decretat la situaci\u00f3 d&#039;emerg\u00e8ncia per sequera a Catalunya - Washnet<\/title>\n<meta name=\"robots\" content=\"index, follow, max-snippet:-1, max-image-preview:large, max-video-preview:-1\" \/>\n<link rel=\"canonical\" href=\"https:\/\/washnet.es\/ca\/comunicat-important-sha-decretat-la-situacio-demergencia-per-sequera-a-catalunya\/\" \/>\n<meta property=\"og:locale\" content=\"ca_ES\" \/>\n<meta property=\"og:type\" content=\"article\" \/>\n<meta property=\"og:title\" content=\"Comunicat important: S&#039;ha decretat la situaci\u00f3 d&#039;emerg\u00e8ncia per sequera a Catalunya - Washnet\" \/>\n<meta property=\"og:description\" content=\"Alella, a 1 de febrer de 2024 Aquest mat\u00ed el Govern de Catalunya ha decretat la situaci\u00f3 d&#8217;emerg\u00e8ncia per sequera davant els nivells d&#8217;aigua de zones com el sistema Ter-Llobregat que afecta uns 6 milions de persones. Davant d&#8217;aquesta situaci\u00f3 volem transmetre&#8217;ls com impacten aquestes mesures en el desenvolupament de la nostra activitat. D&#8217; acord [&hellip;]\" \/>\n<meta property=\"og:url\" content=\"https:\/\/washnet.es\/ca\/comunicat-important-sha-decretat-la-situacio-demergencia-per-sequera-a-catalunya\/\" \/>\n<meta property=\"og:site_name\" content=\"Washnet\" \/>\n<meta property=\"article:published_time\" content=\"2024-02-01T16:01:08+00:00\" \/>\n<meta property=\"article:modified_time\" content=\"2025-03-07T13:04:45+00:00\" \/>\n<meta property=\"og:image\" content=\"https:\/\/washnet.es\/wp-content\/uploads\/2025\/01\/Imatge-destacada-Mailchimp-6-1024x768.png\" \/>\n\t<meta property=\"og:image:width\" content=\"1024\" \/>\n\t<meta property=\"og:image:height\" content=\"768\" \/>\n\t<meta property=\"og:image:type\" content=\"image\/png\" \/>\n<meta name=\"author\" content=\"admin\" \/>\n<meta name=\"twitter:card\" content=\"summary_large_image\" \/>\n<meta name=\"twitter:label1\" content=\"Escrit per\" \/>\n\t<meta name=\"twitter:data1\" content=\"admin\" \/>\n\t<meta name=\"twitter:label2\" content=\"Temps estimat de lectura\" \/>\n\t<meta name=\"twitter:data2\" content=\"2 minuts\" \/>\n<script type=\"application\/ld+json\" class=\"yoast-schema-graph\">{\"@context\":\"https:\\\/\\\/schema.org\",\"@graph\":[{\"@type\":\"Article\",\"@id\":\"https:\\\/\\\/washnet.es\\\/ca\\\/comunicat-important-sha-decretat-la-situacio-demergencia-per-sequera-a-catalunya\\\/#article\",\"isPartOf\":{\"@id\":\"https:\\\/\\\/washnet.es\\\/ca\\\/comunicat-important-sha-decretat-la-situacio-demergencia-per-sequera-a-catalunya\\\/\"},\"author\":{\"name\":\"admin\",\"@id\":\"https:\\\/\\\/washnet.es\\\/#\\\/schema\\\/person\\\/b0d71f822a05bfd4131320fca05bef8f\"},\"headline\":\"Comunicat important: S&#8217;ha decretat la situaci\u00f3 d&#8217;emerg\u00e8ncia per sequera a Catalunya\",\"datePublished\":\"2024-02-01T16:01:08+00:00\",\"dateModified\":\"2025-03-07T13:04:45+00:00\",\"mainEntityOfPage\":{\"@id\":\"https:\\\/\\\/washnet.es\\\/ca\\\/comunicat-important-sha-decretat-la-situacio-demergencia-per-sequera-a-catalunya\\\/\"},\"wordCount\":405,\"commentCount\":0,\"publisher\":{\"@id\":\"https:\\\/\\\/washnet.es\\\/#organization\"},\"image\":{\"@id\":\"https:\\\/\\\/washnet.es\\\/ca\\\/comunicat-important-sha-decretat-la-situacio-demergencia-per-sequera-a-catalunya\\\/#primaryimage\"},\"thumbnailUrl\":\"https:\\\/\\\/washnet.es\\\/wp-content\\\/uploads\\\/2025\\\/01\\\/Imatge-destacada-Mailchimp-6.png\",\"keywords\":[\"Blog\"],\"articleSection\":[\"Comunicats\"],\"inLanguage\":\"ca\",\"potentialAction\":[{\"@type\":\"CommentAction\",\"name\":\"Comment\",\"target\":[\"https:\\\/\\\/washnet.es\\\/ca\\\/comunicat-important-sha-decretat-la-situacio-demergencia-per-sequera-a-catalunya\\\/#respond\"]}]},{\"@type\":\"WebPage\",\"@id\":\"https:\\\/\\\/washnet.es\\\/ca\\\/comunicat-important-sha-decretat-la-situacio-demergencia-per-sequera-a-catalunya\\\/\",\"url\":\"https:\\\/\\\/washnet.es\\\/ca\\\/comunicat-important-sha-decretat-la-situacio-demergencia-per-sequera-a-catalunya\\\/\",\"name\":\"Comunicat important: S'ha decretat la situaci\u00f3 d'emerg\u00e8ncia per sequera a Catalunya - Washnet\",\"isPartOf\":{\"@id\":\"https:\\\/\\\/washnet.es\\\/#website\"},\"primaryImageOfPage\":{\"@id\":\"https:\\\/\\\/washnet.es\\\/ca\\\/comunicat-important-sha-decretat-la-situacio-demergencia-per-sequera-a-catalunya\\\/#primaryimage\"},\"image\":{\"@id\":\"https:\\\/\\\/washnet.es\\\/ca\\\/comunicat-important-sha-decretat-la-situacio-demergencia-per-sequera-a-catalunya\\\/#primaryimage\"},\"thumbnailUrl\":\"https:\\\/\\\/washnet.es\\\/wp-content\\\/uploads\\\/2025\\\/01\\\/Imatge-destacada-Mailchimp-6.png\",\"datePublished\":\"2024-02-01T16:01:08+00:00\",\"dateModified\":\"2025-03-07T13:04:45+00:00\",\"breadcrumb\":{\"@id\":\"https:\\\/\\\/washnet.es\\\/ca\\\/comunicat-important-sha-decretat-la-situacio-demergencia-per-sequera-a-catalunya\\\/#breadcrumb\"},\"inLanguage\":\"ca\",\"potentialAction\":[{\"@type\":\"ReadAction\",\"target\":[\"https:\\\/\\\/washnet.es\\\/ca\\\/comunicat-important-sha-decretat-la-situacio-demergencia-per-sequera-a-catalunya\\\/\"]}]},{\"@type\":\"ImageObject\",\"inLanguage\":\"ca\",\"@id\":\"https:\\\/\\\/washnet.es\\\/ca\\\/comunicat-important-sha-decretat-la-situacio-demergencia-per-sequera-a-catalunya\\\/#primaryimage\",\"url\":\"https:\\\/\\\/washnet.es\\\/wp-content\\\/uploads\\\/2025\\\/01\\\/Imatge-destacada-Mailchimp-6.png\",\"contentUrl\":\"https:\\\/\\\/washnet.es\\\/wp-content\\\/uploads\\\/2025\\\/01\\\/Imatge-destacada-Mailchimp-6.png\",\"width\":1200,\"height\":900},{\"@type\":\"BreadcrumbList\",\"@id\":\"https:\\\/\\\/washnet.es\\\/ca\\\/comunicat-important-sha-decretat-la-situacio-demergencia-per-sequera-a-catalunya\\\/#breadcrumb\",\"itemListElement\":[{\"@type\":\"ListItem\",\"position\":1,\"name\":\"Portada\",\"item\":\"https:\\\/\\\/washnet.es\\\/\"},{\"@type\":\"ListItem\",\"position\":2,\"name\":\"Comunicat important: S&#8217;ha decretat la situaci\u00f3 d&#8217;emerg\u00e8ncia per sequera a Catalunya\"}]},{\"@type\":\"WebSite\",\"@id\":\"https:\\\/\\\/washnet.es\\\/#website\",\"url\":\"https:\\\/\\\/washnet.es\\\/\",\"name\":\"Washnet\",\"description\":\"\",\"publisher\":{\"@id\":\"https:\\\/\\\/washnet.es\\\/#organization\"},\"potentialAction\":[{\"@type\":\"SearchAction\",\"target\":{\"@type\":\"EntryPoint\",\"urlTemplate\":\"https:\\\/\\\/washnet.es\\\/?s={search_term_string}\"},\"query-input\":{\"@type\":\"PropertyValueSpecification\",\"valueRequired\":true,\"valueName\":\"search_term_string\"}}],\"inLanguage\":\"ca\"},{\"@type\":\"Organization\",\"@id\":\"https:\\\/\\\/washnet.es\\\/#organization\",\"name\":\"Washnet\",\"url\":\"https:\\\/\\\/washnet.es\\\/\",\"logo\":{\"@type\":\"ImageObject\",\"inLanguage\":\"ca\",\"@id\":\"https:\\\/\\\/washnet.es\\\/#\\\/schema\\\/logo\\\/image\\\/\",\"url\":\"https:\\\/\\\/washnet.es\\\/wp-content\\\/uploads\\\/2025\\\/01\\\/logo-washnet.png\",\"contentUrl\":\"https:\\\/\\\/washnet.es\\\/wp-content\\\/uploads\\\/2025\\\/01\\\/logo-washnet.png\",\"width\":2491,\"height\":564,\"caption\":\"Washnet\"},\"image\":{\"@id\":\"https:\\\/\\\/washnet.es\\\/#\\\/schema\\\/logo\\\/image\\\/\"}},{\"@type\":\"Person\",\"@id\":\"https:\\\/\\\/washnet.es\\\/#\\\/schema\\\/person\\\/b0d71f822a05bfd4131320fca05bef8f\",\"name\":\"admin\",\"sameAs\":[\"https:\\\/\\\/washnet.es\",\"https:\\\/\\\/www.instagram.com\\\/washnetfactory\",\"https:\\\/\\\/es.linkedin.com\\\/company\\\/washnet-factory\"],\"url\":\"https:\\\/\\\/washnet.es\\\/ca\\\/author\\\/test-washnet\\\/\"}]}<\/script>\n<!-- \/ Yoast SEO plugin. -->","yoast_head_json":{"title":"Comunicat important: S'ha decretat la situaci\u00f3 d'emerg\u00e8ncia per sequera a Catalunya - Washnet","robots":{"index":"index","follow":"follow","max-snippet":"max-snippet:-1","max-image-preview":"max-image-preview:large","max-video-preview":"max-video-preview:-1"},"canonical":"https:\/\/washnet.es\/ca\/comunicat-important-sha-decretat-la-situacio-demergencia-per-sequera-a-catalunya\/","og_locale":"ca_ES","og_type":"article","og_title":"Comunicat important: S'ha decretat la situaci\u00f3 d'emerg\u00e8ncia per sequera a Catalunya - Washnet","og_description":"Alella, a 1 de febrer de 2024 Aquest mat\u00ed el Govern de Catalunya ha decretat la situaci\u00f3 d&#8217;emerg\u00e8ncia per sequera davant els nivells d&#8217;aigua de zones com el sistema Ter-Llobregat que afecta uns 6 milions de persones. Davant d&#8217;aquesta situaci\u00f3 volem transmetre&#8217;ls com impacten aquestes mesures en el desenvolupament de la nostra activitat. D&#8217; acord [&hellip;]","og_url":"https:\/\/washnet.es\/ca\/comunicat-important-sha-decretat-la-situacio-demergencia-per-sequera-a-catalunya\/","og_site_name":"Washnet","article_published_time":"2024-02-01T16:01:08+00:00","article_modified_time":"2025-03-07T13:04:45+00:00","og_image":[{"width":1024,"height":768,"url":"https:\/\/washnet.es\/wp-content\/uploads\/2025\/01\/Imatge-destacada-Mailchimp-6-1024x768.png","type":"image\/png"}],"author":"admin","twitter_card":"summary_large_image","twitter_misc":{"Escrit per":"admin","Temps estimat de lectura":"2 minuts"},"schema":{"@context":"https:\/\/schema.org","@graph":[{"@type":"Article","@id":"https:\/\/washnet.es\/ca\/comunicat-important-sha-decretat-la-situacio-demergencia-per-sequera-a-catalunya\/#article","isPartOf":{"@id":"https:\/\/washnet.es\/ca\/comunicat-important-sha-decretat-la-situacio-demergencia-per-sequera-a-catalunya\/"},"author":{"name":"admin","@id":"https:\/\/washnet.es\/#\/schema\/person\/b0d71f822a05bfd4131320fca05bef8f"},"headline":"Comunicat important: S&#8217;ha decretat la situaci\u00f3 d&#8217;emerg\u00e8ncia per sequera a Catalunya","datePublished":"2024-02-01T16:01:08+00:00","dateModified":"2025-03-07T13:04:45+00:00","mainEntityOfPage":{"@id":"https:\/\/washnet.es\/ca\/comunicat-important-sha-decretat-la-situacio-demergencia-per-sequera-a-catalunya\/"},"wordCount":405,"commentCount":0,"publisher":{"@id":"https:\/\/washnet.es\/#organization"},"image":{"@id":"https:\/\/washnet.es\/ca\/comunicat-important-sha-decretat-la-situacio-demergencia-per-sequera-a-catalunya\/#primaryimage"},"thumbnailUrl":"https:\/\/washnet.es\/wp-content\/uploads\/2025\/01\/Imatge-destacada-Mailchimp-6.png","keywords":["Blog"],"articleSection":["Comunicats"],"inLanguage":"ca","potentialAction":[{"@type":"CommentAction","name":"Comment","target":["https:\/\/washnet.es\/ca\/comunicat-important-sha-decretat-la-situacio-demergencia-per-sequera-a-catalunya\/#respond"]}]},{"@type":"WebPage","@id":"https:\/\/washnet.es\/ca\/comunicat-important-sha-decretat-la-situacio-demergencia-per-sequera-a-catalunya\/","url":"https:\/\/washnet.es\/ca\/comunicat-important-sha-decretat-la-situacio-demergencia-per-sequera-a-catalunya\/","name":"Comunicat important: S'ha decretat la situaci\u00f3 d'emerg\u00e8ncia per sequera a Catalunya - Washnet","isPartOf":{"@id":"https:\/\/washnet.es\/#website"},"primaryImageOfPage":{"@id":"https:\/\/washnet.es\/ca\/comunicat-important-sha-decretat-la-situacio-demergencia-per-sequera-a-catalunya\/#primaryimage"},"image":{"@id":"https:\/\/washnet.es\/ca\/comunicat-important-sha-decretat-la-situacio-demergencia-per-sequera-a-catalunya\/#primaryimage"},"thumbnailUrl":"https:\/\/washnet.es\/wp-content\/uploads\/2025\/01\/Imatge-destacada-Mailchimp-6.png","datePublished":"2024-02-01T16:01:08+00:00","dateModified":"2025-03-07T13:04:45+00:00","breadcrumb":{"@id":"https:\/\/washnet.es\/ca\/comunicat-important-sha-decretat-la-situacio-demergencia-per-sequera-a-catalunya\/#breadcrumb"},"inLanguage":"ca","potentialAction":[{"@type":"ReadAction","target":["https:\/\/washnet.es\/ca\/comunicat-important-sha-decretat-la-situacio-demergencia-per-sequera-a-catalunya\/"]}]},{"@type":"ImageObject","inLanguage":"ca","@id":"https:\/\/washnet.es\/ca\/comunicat-important-sha-decretat-la-situacio-demergencia-per-sequera-a-catalunya\/#primaryimage","url":"https:\/\/washnet.es\/wp-content\/uploads\/2025\/01\/Imatge-destacada-Mailchimp-6.png","contentUrl":"https:\/\/washnet.es\/wp-content\/uploads\/2025\/01\/Imatge-destacada-Mailchimp-6.png","width":1200,"height":900},{"@type":"BreadcrumbList","@id":"https:\/\/washnet.es\/ca\/comunicat-important-sha-decretat-la-situacio-demergencia-per-sequera-a-catalunya\/#breadcrumb","itemListElement":[{"@type":"ListItem","position":1,"name":"Portada","item":"https:\/\/washnet.es\/"},{"@type":"ListItem","position":2,"name":"Comunicat important: S&#8217;ha decretat la situaci\u00f3 d&#8217;emerg\u00e8ncia per sequera a Catalunya"}]},{"@type":"WebSite","@id":"https:\/\/washnet.es\/#website","url":"https:\/\/washnet.es\/","name":"Washnet","description":"","publisher":{"@id":"https:\/\/washnet.es\/#organization"},"potentialAction":[{"@type":"SearchAction","target":{"@type":"EntryPoint","urlTemplate":"https:\/\/washnet.es\/?s={search_term_string}"},"query-input":{"@type":"PropertyValueSpecification","valueRequired":true,"valueName":"search_term_string"}}],"inLanguage":"ca"},{"@type":"Organization","@id":"https:\/\/washnet.es\/#organization","name":"Washnet","url":"https:\/\/washnet.es\/","logo":{"@type":"ImageObject","inLanguage":"ca","@id":"https:\/\/washnet.es\/#\/schema\/logo\/image\/","url":"https:\/\/washnet.es\/wp-content\/uploads\/2025\/01\/logo-washnet.png","contentUrl":"https:\/\/washnet.es\/wp-content\/uploads\/2025\/01\/logo-washnet.png","width":2491,"height":564,"caption":"Washnet"},"image":{"@id":"https:\/\/washnet.es\/#\/schema\/logo\/image\/"}},{"@type":"Person","@id":"https:\/\/washnet.es\/#\/schema\/person\/b0d71f822a05bfd4131320fca05bef8f","name":"admin","sameAs":["https:\/\/washnet.es","https:\/\/www.instagram.com\/washnetfactory","https:\/\/es.linkedin.com\/company\/washnet-factory"],"url":"https:\/\/washnet.es\/ca\/author\/test-washnet\/"}]}},"_links":{"self":[{"href":"https:\/\/washnet.es\/ca\/wp-json\/wp\/v2\/posts\/4270","targetHints":{"allow":["GET"]}}],"collection":[{"href":"https:\/\/washnet.es\/ca\/wp-json\/wp\/v2\/posts"}],"about":[{"href":"https:\/\/washnet.es\/ca\/wp-json\/wp\/v2\/types\/post"}],"author":[{"embeddable":true,"href":"https:\/\/washnet.es\/ca\/wp-json\/wp\/v2\/users\/1"}],"replies":[{"embeddable":true,"href":"https:\/\/washnet.es\/ca\/wp-json\/wp\/v2\/comments?post=4270"}],"version-history":[{"count":6,"href":"https:\/\/washnet.es\/ca\/wp-json\/wp\/v2\/posts\/4270\/revisions"}],"predecessor-version":[{"id":4309,"href":"https:\/\/washnet.es\/ca\/wp-json\/wp\/v2\/posts\/4270\/revisions\/4309"}],"wp:featuredmedia":[{"embeddable":true,"href":"https:\/\/washnet.es\/ca\/wp-json\/wp\/v2\/media\/4271"}],"wp:attachment":[{"href":"https:\/\/washnet.es\/ca\/wp-json\/wp\/v2\/media?parent=4270"}],"wp:term":[{"taxonomy":"category","embeddable":true,"href":"https:\/\/washnet.es\/ca\/wp-json\/wp\/v2\/categories?post=4270"},{"taxonomy":"post_tag","embeddable":true,"href":"https:\/\/washnet.es\/ca\/wp-json\/wp\/v2\/tags?post=4270"}],"curies":[{"name":"wp","href":"https:\/\/api.w.org\/{rel}","templated":true}]}}